{"id":34453,"date":"2025-08-03T01:05:29","date_gmt":"2025-08-03T01:05:29","guid":{"rendered":"https:\/\/samanthahemery.com\/?p=34453"},"modified":"2025-07-27T01:12:04","modified_gmt":"2025-07-27T01:12:04","slug":"fete-de-lorange-course-porteurs-fruits","status":"publish","type":"post","link":"https:\/\/samanthahemery.com\/en\/fete-de-lorange-course-porteurs-fruits\/","title":{"rendered":"Focus on... the Oranges Festival and the Fruit Carrier Race in Tahiti"},"content":{"rendered":"\n[et_pb_section fb_built=\u00a0\u00bb1&Prime; _builder_version=\u00a0\u00bb4.27.4&Prime; _module_preset=\u00a0\u00bbdefault\u00a0\u00bb custom_padding=\u00a0\u00bb24px|||||\u00a0\u00bb global_colors_info=\u00a0\u00bb{}\u00a0\u00bb theme_builder_area=\u00a0\u00bbpost_content\u00a0\u00bb][et_pb_row _builder_version=\u00a0\u00bb4.27.4&Prime; _module_preset=\u00a0\u00bbdefault\u00a0\u00bb locked=\u00a0\u00bboff\u00a0\u00bb global_colors_info=\u00a0\u00bb{}\u00a0\u00bb theme_builder_area=\u00a0\u00bbpost_content\u00a0\u00bb][et_pb_column type=\u00a0\u00bb4_4&Prime; _builder_version=\u00a0\u00bb4.27.4&Prime; _module_preset=\u00a0\u00bbdefault\u00a0\u00bb global_colors_info=\u00a0\u00bb{}\u00a0\u00bb theme_builder_area=\u00a0\u00bbpost_content\u00a0\u00bb][et_pb_text _builder_version=\u00a0\u00bb4.27.4&Prime; _module_preset=\u00a0\u00bbdefault\u00a0\u00bb global_colors_info=\u00a0\u00bb{}\u00a0\u00bb theme_builder_area=\u00a0\u00bbpost_content\u00a0\u00bb]<p><strong>Juillet en Polyn\u00e9sie, c&rsquo;est le mois o\u00f9 la culture bat son plein. Et cette ann\u00e9e, j&rsquo;ai eu le privil\u00e8ge de couvrir deux \u00e9v\u00e9nements incontournables de la saison : la F\u00eate de l&rsquo;Orange \u00e0 Punaauia et la spectaculaire course des porteurs de fruits \u00e0 Papeete.<\/strong><\/p>\n<p><strong>Deux journ\u00e9es riches en \u00e9mitions, en couleurs, en sueur et en images&#8230;<\/strong><\/p>\n<p><strong><\/strong><\/p>\n<h2>La F\u00eate de l&rsquo;Orange \u00e0 <span style=\"text-decoration: underline;\"><a href=\"https:\/\/www.punaauia.pf\/\" target=\"_blank\" rel=\"noopener\">Punaauia<\/a><\/span> : un hommage vibrant aux traditions<\/h2>\n<p>La matin\u00e9e de la F\u00eate de l&rsquo;Orange commence \u00e0 la mairie de Punaauia, o\u00f9 tout est pr\u00eat pour le grand d\u00e9fil\u00e9 annuel. Je suis arriv\u00e9e t\u00f4t pour ne rien manquer : les porteurs d&rsquo;oranges s&rsquo;\u00e9chauffaient dans une ambiance concentr\u00e9e mais joyeuse.<\/p>\n<p>\u00c0 l&rsquo;\u00e9poque, des jeunes homme et femmes endurants montaient dans les montagnes du fa&rsquo;a&rsquo;\u0101 i Punaauia pour cueillir les oranges. Ils redescendaient charg\u00e9s de paniers tress\u00e9s, remplis \u00e0 ras bord de fruits. Ce rituel ancestral est devenu un symbole d&rsquo;endurance et de fiert\u00e9 qui a donn\u00e9 lieu chaque ann\u00e9e \u00e0 la f\u00eate de l&rsquo;Orange.<\/p>\n<p>Ce que j&rsquo;ai ador\u00e9 photographier \u00e0 la f\u00eate de l&rsquo;Orange :<\/p>\n<ul>\n<li>Les porteurs d&rsquo;oranges, en tenue traditionnelle, au top de leur forme malgr\u00e9 la charge sur leurs \u00e9paules<\/li>\n<li>Le d\u00e9fil\u00e9 des pompiers, gendarmes et personnalit\u00e9s locales<\/li>\n<li>Les dauphines de Miss Tahiti, resplendissantes dans leurs robes fleuries.<\/li>\n<\/ul>[\/et_pb_text][\/et_pb_column][\/et_pb_row][et_pb_row column_structure=\u00a0\u00bb1_4,1_4,1_4,1_4&Prime; use_custom_gutter=\u00a0\u00bbon\u00a0\u00bb gutter_width=\u00a0\u00bb2&Prime; make_equal=\u00a0\u00bbon\u00a0\u00bb _builder_version=\u00a0\u00bb4.27.4&Prime; _module_preset=\u00a0\u00bbdefault\u00a0\u00bb locked=\u00a0\u00bboff\u00a0\u00bb global_colors_info=\u00a0\u00bb{}\u00a0\u00bb theme_builder_area=\u00a0\u00bbpost_content\u00a0\u00bb][et_pb_column type=\u00a0\u00bb1_4&Prime; _builder_version=\u00a0\u00bb4.27.4&Prime; _module_preset=\u00a0\u00bbdefault\u00a0\u00bb global_colors_info=\u00a0\u00bb{}\u00a0\u00bb theme_builder_area=\u00a0\u00bbpost_content\u00a0\u00bb][et_pb_image src=\u00a0\u00bbhttps:\/\/samanthahemery.com\/wp-content\/uploads\/2025\/07\/Fetedelorange-SamanthaHemery-20.webp\u00a0\u00bb alt=\u00a0\u00bbGarcon qui danse \u00e0 la f\u00eate de l&rsquo;Orange \u00e0 Punaauia \u00e0 Tahiti\u00a0\u00bb title_text=\u00a0\u00bbFetedel&rsquo;orange-SamanthaHemery-20&Prime; align=\u00a0\u00bbcenter\u00a0\u00bb _builder_version=\u00a0\u00bb4.27.4&Prime; _module_preset=\u00a0\u00bbdefault\u00a0\u00bb global_colors_info=\u00a0\u00bb{}\u00a0\u00bb theme_builder_area=\u00a0\u00bbpost_content\u00a0\u00bb][\/et_pb_image][\/et_pb_column][et_pb_column type=\u00a0\u00bb1_4&Prime; _builder_version=\u00a0\u00bb4.27.4&Prime; _module_preset=\u00a0\u00bbdefault\u00a0\u00bb global_colors_info=\u00a0\u00bb{}\u00a0\u00bb theme_builder_area=\u00a0\u00bbpost_content\u00a0\u00bb][et_pb_image src=\u00a0\u00bbhttps:\/\/samanthahemery.com\/wp-content\/uploads\/2025\/07\/Fetedelorange-SamanthaHemery-1.webp\u00a0\u00bb alt=\u00a0\u00bbDauphines de Miss Tahiti \u00e0 la f\u00eate de l&rsquo;Orange \u00e0 Punaauia \u00e0 Tahiti\u00a0\u00bb title_text=\u00a0\u00bbFetedel&rsquo;orange-SamanthaHemery-1&Prime; align=\u00a0\u00bbcenter\u00a0\u00bb _builder_version=\u00a0\u00bb4.27.4&Prime; _module_preset=\u00a0\u00bbdefault\u00a0\u00bb global_colors_info=\u00a0\u00bb{}\u00a0\u00bb theme_builder_area=\u00a0\u00bbpost_content\u00a0\u00bb][\/et_pb_image][\/et_pb_column][et_pb_column type=\u00a0\u00bb1_4&Prime; _builder_version=\u00a0\u00bb4.27.4&Prime; _module_preset=\u00a0\u00bbdefault\u00a0\u00bb global_colors_info=\u00a0\u00bb{}\u00a0\u00bb theme_builder_area=\u00a0\u00bbpost_content\u00a0\u00bb][et_pb_image src=\u00a0\u00bbhttps:\/\/samanthahemery.com\/wp-content\/uploads\/2025\/07\/Fetedelorange-SamanthaHemery-17.webp\u00a0\u00bb alt=\u00a0\u00bbJeune porteur d&rsquo;oranges \u00e0 la f\u00eate de l&rsquo;Orange \u00e0 Punaauia \u00e0 Tahiti\u00a0\u00bb title_text=\u00a0\u00bbFetedel&rsquo;orange-SamanthaHemery-17&Prime; align=\u00a0\u00bbcenter\u00a0\u00bb _builder_version=\u00a0\u00bb4.27.4&Prime; _module_preset=\u00a0\u00bbdefault\u00a0\u00bb global_colors_info=\u00a0\u00bb{}\u00a0\u00bb theme_builder_area=\u00a0\u00bbpost_content\u00a0\u00bb][\/et_pb_image][\/et_pb_column][et_pb_column type=\u00a0\u00bb1_4&Prime; _builder_version=\u00a0\u00bb4.27.4&Prime; _module_preset=\u00a0\u00bbdefault\u00a0\u00bb global_colors_info=\u00a0\u00bb{}\u00a0\u00bb theme_builder_area=\u00a0\u00bbpost_content\u00a0\u00bb][et_pb_image src=\u00a0\u00bbhttps:\/\/samanthahemery.com\/wp-content\/uploads\/2025\/07\/Fetedelorange-SamanthaHemery-40.webp\u00a0\u00bb alt=\u00a0\u00bbPorteur d&rsquo;oranges \u00e0 la f\u00eate de l&rsquo;Orange \u00e0 Punaauia \u00e0 Tahiti\u00a0\u00bb title_text=\u00a0\u00bbFetedel&rsquo;orange-SamanthaHemery-40&Prime; align=\u00a0\u00bbcenter\u00a0\u00bb _builder_version=\u00a0\u00bb4.27.4&Prime; _module_preset=\u00a0\u00bbdefault\u00a0\u00bb global_colors_info=\u00a0\u00bb{}\u00a0\u00bb theme_builder_area=\u00a0\u00bbpost_content\u00a0\u00bb][\/et_pb_image][\/et_pb_column][\/et_pb_row][et_pb_row column_structure=\u00a0\u00bb1_3,1_3,1_3&Prime; use_custom_gutter=\u00a0\u00bbon\u00a0\u00bb gutter_width=\u00a0\u00bb2&Prime; make_equal=\u00a0\u00bbon\u00a0\u00bb _builder_version=\u00a0\u00bb4.27.4&Prime; _module_preset=\u00a0\u00bbdefault\u00a0\u00bb custom_padding=\u00a0\u00bb6px|||||\u00a0\u00bb locked=\u00a0\u00bboff\u00a0\u00bb global_colors_info=\u00a0\u00bb{}\u00a0\u00bb theme_builder_area=\u00a0\u00bbpost_content\u00a0\u00bb][et_pb_column type=\u00a0\u00bb1_3&Prime; _builder_version=\u00a0\u00bb4.27.4&Prime; _module_preset=\u00a0\u00bbdefault\u00a0\u00bb global_colors_info=\u00a0\u00bb{}\u00a0\u00bb theme_builder_area=\u00a0\u00bbpost_content\u00a0\u00bb][et_pb_image src=\u00a0\u00bbhttps:\/\/samanthahemery.com\/wp-content\/uploads\/2025\/07\/Fetedelorange-SamanthaHemery-9.webp\u00a0\u00bb alt=\u00a0\u00bbD\u00e9fil\u00e9 des pompiers \u00e0 la f\u00eate de l&rsquo;Orange \u00e0 Punaauia \u00e0 Tahiti\u00a0\u00bb title_text=\u00a0\u00bbFetedel&rsquo;orange-SamanthaHemery-9&Prime; align=\u00a0\u00bbcenter\u00a0\u00bb _builder_version=\u00a0\u00bb4.27.4&Prime; _module_preset=\u00a0\u00bbdefault\u00a0\u00bb global_colors_info=\u00a0\u00bb{}\u00a0\u00bb theme_builder_area=\u00a0\u00bbpost_content\u00a0\u00bb][\/et_pb_image][\/et_pb_column][et_pb_column type=\u00a0\u00bb1_3&Prime; _builder_version=\u00a0\u00bb4.27.4&Prime; _module_preset=\u00a0\u00bbdefault\u00a0\u00bb global_colors_info=\u00a0\u00bb{}\u00a0\u00bb theme_builder_area=\u00a0\u00bbpost_content\u00a0\u00bb][et_pb_image src=\u00a0\u00bbhttps:\/\/samanthahemery.com\/wp-content\/uploads\/2025\/07\/Fetedelorange-SamanthaHemery-15.webp\u00a0\u00bb alt=\u00a0\u00bbD\u00e9fil\u00e9 des forces de l&rsquo;ordre \u00e0 la f\u00eate de l&rsquo;Orange \u00e0 Punaauia \u00e0 Tahiti\u00a0\u00bb title_text=\u00a0\u00bbFetedel&rsquo;orange-SamanthaHemery-15&Prime; align=\u00a0\u00bbcenter\u00a0\u00bb _builder_version=\u00a0\u00bb4.27.4&Prime; _module_preset=\u00a0\u00bbdefault\u00a0\u00bb global_colors_info=\u00a0\u00bb{}\u00a0\u00bb theme_builder_area=\u00a0\u00bbpost_content\u00a0\u00bb][\/et_pb_image][\/et_pb_column][et_pb_column type=\u00a0\u00bb1_3&Prime; _builder_version=\u00a0\u00bb4.27.4&Prime; _module_preset=\u00a0\u00bbdefault\u00a0\u00bb global_colors_info=\u00a0\u00bb{}\u00a0\u00bb theme_builder_area=\u00a0\u00bbpost_content\u00a0\u00bb][et_pb_image src=\u00a0\u00bbhttps:\/\/samanthahemery.com\/wp-content\/uploads\/2025\/07\/Fetedelorange-SamanthaHemery-25.webp\u00a0\u00bb alt=\u00a0\u00bbGarcon \u00e0 la f\u00eate de l&rsquo;Orange \u00e0 Punaauia \u00e0 Tahiti\u00a0\u00bb title_text=\u00a0\u00bbFetedel&rsquo;orange-SamanthaHemery-25&Prime; align=\u00a0\u00bbcenter\u00a0\u00bb _builder_version=\u00a0\u00bb4.27.4&Prime; _module_preset=\u00a0\u00bbdefault\u00a0\u00bb global_colors_info=\u00a0\u00bb{}\u00a0\u00bb theme_builder_area=\u00a0\u00bbpost_content\u00a0\u00bb][\/et_pb_image][\/et_pb_column][\/et_pb_row][et_pb_row _builder_version=\u00a0\u00bb4.27.4&Prime; _module_preset=\u00a0\u00bbdefault\u00a0\u00bb global_colors_info=\u00a0\u00bb{}\u00a0\u00bb theme_builder_area=\u00a0\u00bbpost_content\u00a0\u00bb][et_pb_column type=\u00a0\u00bb4_4&Prime; _builder_version=\u00a0\u00bb4.27.4&Prime; _module_preset=\u00a0\u00bbdefault\u00a0\u00bb global_colors_info=\u00a0\u00bb{}\u00a0\u00bb theme_builder_area=\u00a0\u00bbpost_content\u00a0\u00bb][et_pb_text _builder_version=\u00a0\u00bb4.27.4&Prime; _module_preset=\u00a0\u00bbdefault\u00a0\u00bb global_colors_info=\u00a0\u00bb{}\u00a0\u00bb theme_builder_area=\u00a0\u00bbpost_content\u00a0\u00bb]<h2>La course des porteurs de fruits \u00e0 <span style=\"text-decoration: underline;\"><a href=\"https:\/\/www.papeete.pf\/\" target=\"_blank\" rel=\"noopener\">Papeete<\/a><\/span> : puissance et fiert\u00e9 au rendez-vous<\/h2>\n<p>Le lendemain, direction Papeete pour un autre temps fort du mois de juillet : la course des porteurs de fruits, organis\u00e9e le 14 juillet.<\/p>\n<p>Et quelle \u00e9nergie !<\/p>\n<p>Des dizaines d&rsquo;hommes et de femmes, r\u00e9partis en diff\u00e9rentes cat\u00e9gories (15kg, 30kg, 50kg&#8230;), se sont \u00e9lanc\u00e9s dans les rues de la capitale, charg\u00e9s de fruits suspendus \u00e0 une \u00e9paisse tige de bambou : oranges, bananes, ananas, uru, taro&#8230;<\/p>\n<p>Certains avaient plus de 50 kg sur les \u00e9paules et couraient pieds nus ou en sandales. Tous portaient la tenue traditionnelle : pare\u016b nou\u00e9 et couronne v\u00e9g\u00e9tale sur la t\u00eate.<\/p>\n<p>Le contraste entre l&rsquo;effort physique, les tenues color\u00e9es et les cris du public cr\u00e9e une ambiance unique \u00e0 immortaliser.<\/p>\n<p>Ayant beaucoup assist\u00e9e aux nombreux marathons que courrait mon p\u00e8re quand j&rsquo;\u00e9tais petite, voir ces Polyn\u00e9siens se surpasser en repoussant leurs limites m&rsquo;a beaucoup \u00e9mu.<\/p>[\/et_pb_text][\/et_pb_column][\/et_pb_row][et_pb_row column_structure=\u00a0\u00bb1_3,1_3,1_3&Prime; use_custom_gutter=\u00a0\u00bbon\u00a0\u00bb gutter_width=\u00a0\u00bb2&Prime; make_equal=\u00a0\u00bbon\u00a0\u00bb _builder_version=\u00a0\u00bb4.27.4&Prime; _module_preset=\u00a0\u00bbdefault\u00a0\u00bb locked=\u00a0\u00bboff\u00a0\u00bb global_colors_info=\u00a0\u00bb{}\u00a0\u00bb theme_builder_area=\u00a0\u00bbpost_content\u00a0\u00bb][et_pb_column type=\u00a0\u00bb1_3&Prime; _builder_version=\u00a0\u00bb4.27.4&Prime; _module_preset=\u00a0\u00bbdefault\u00a0\u00bb global_colors_info=\u00a0\u00bb{}\u00a0\u00bb theme_builder_area=\u00a0\u00bbpost_content\u00a0\u00bb][et_pb_image src=\u00a0\u00bbhttps:\/\/samanthahemery.com\/wp-content\/uploads\/2025\/07\/Courseporteursdefruits-SamanthaHemeryPhotographe-59.webp\u00a0\u00bb alt=\u00a0\u00bbLes coureurs de la course de porteurs de fruits \u00e0 Papeete\u00a0\u00bb title_text=\u00a0\u00bbCourseporteursdefruits-SamanthaHemeryPhotographe-59&Prime; align=\u00a0\u00bbcenter\u00a0\u00bb _builder_version=\u00a0\u00bb4.27.4&Prime; _module_preset=\u00a0\u00bbdefault\u00a0\u00bb global_colors_info=\u00a0\u00bb{}\u00a0\u00bb theme_builder_area=\u00a0\u00bbpost_content\u00a0\u00bb][\/et_pb_image][\/et_pb_column][et_pb_column type=\u00a0\u00bb1_3&Prime; _builder_version=\u00a0\u00bb4.27.4&Prime; _module_preset=\u00a0\u00bbdefault\u00a0\u00bb global_colors_info=\u00a0\u00bb{}\u00a0\u00bb theme_builder_area=\u00a0\u00bbpost_content\u00a0\u00bb][et_pb_image src=\u00a0\u00bbhttps:\/\/samanthahemery.com\/wp-content\/uploads\/2025\/07\/Courseporteursdefruits-SamanthaHemeryPhotographe-23.webp\u00a0\u00bb alt=\u00a0\u00bbLes coureuses de la course de porteurs de fruits \u00e0 Papeete\u00a0\u00bb title_text=\u00a0\u00bbCourseporteursdefruits-SamanthaHemeryPhotographe-23&Prime; align=\u00a0\u00bbcenter\u00a0\u00bb _builder_version=\u00a0\u00bb4.27.4&Prime; _module_preset=\u00a0\u00bbdefault\u00a0\u00bb global_colors_info=\u00a0\u00bb{}\u00a0\u00bb theme_builder_area=\u00a0\u00bbpost_content\u00a0\u00bb][\/et_pb_image][\/et_pb_column][et_pb_column type=\u00a0\u00bb1_3&Prime; _builder_version=\u00a0\u00bb4.27.4&Prime; _module_preset=\u00a0\u00bbdefault\u00a0\u00bb global_colors_info=\u00a0\u00bb{}\u00a0\u00bb theme_builder_area=\u00a0\u00bbpost_content\u00a0\u00bb][et_pb_image src=\u00a0\u00bbhttps:\/\/samanthahemery.com\/wp-content\/uploads\/2025\/07\/Courseporteursdefruits-SamanthaHemeryPhotographe-13.webp\u00a0\u00bb alt=\u00a0\u00bbLes coureurs de la course de porteurs de fruits \u00e0 Papeete\u00a0\u00bb title_text=\u00a0\u00bbCourseporteursdefruits-SamanthaHemeryPhotographe-13&Prime; align=\u00a0\u00bbcenter\u00a0\u00bb _builder_version=\u00a0\u00bb4.27.4&Prime; _module_preset=\u00a0\u00bbdefault\u00a0\u00bb global_colors_info=\u00a0\u00bb{}\u00a0\u00bb theme_builder_area=\u00a0\u00bbpost_content\u00a0\u00bb][\/et_pb_image][\/et_pb_column][\/et_pb_row][et_pb_row column_structure=\u00a0\u00bb1_2,1_2&Prime; use_custom_gutter=\u00a0\u00bbon\u00a0\u00bb gutter_width=\u00a0\u00bb2&Prime; make_equal=\u00a0\u00bbon\u00a0\u00bb _builder_version=\u00a0\u00bb4.27.4&Prime; _module_preset=\u00a0\u00bbdefault\u00a0\u00bb custom_padding=\u00a0\u00bb7px|||||\u00a0\u00bb locked=\u00a0\u00bboff\u00a0\u00bb global_colors_info=\u00a0\u00bb{}\u00a0\u00bb theme_builder_area=\u00a0\u00bbpost_content\u00a0\u00bb][et_pb_column type=\u00a0\u00bb1_2&Prime; _builder_version=\u00a0\u00bb4.27.4&Prime; _module_preset=\u00a0\u00bbdefault\u00a0\u00bb global_colors_info=\u00a0\u00bb{}\u00a0\u00bb theme_builder_area=\u00a0\u00bbpost_content\u00a0\u00bb][et_pb_image src=\u00a0\u00bbhttps:\/\/samanthahemery.com\/wp-content\/uploads\/2025\/07\/Courseporteursdefruits-SamanthaHemeryPhotographe-18.webp\u00a0\u00bb alt=\u00a0\u00bbLes coureurs de la course de porteurs de fruits \u00e0 Papeete\u00a0\u00bb title_text=\u00a0\u00bbCourseporteursdefruits-SamanthaHemeryPhotographe-18&Prime; align=\u00a0\u00bbcenter\u00a0\u00bb _builder_version=\u00a0\u00bb4.27.4&Prime; _module_preset=\u00a0\u00bbdefault\u00a0\u00bb global_colors_info=\u00a0\u00bb{}\u00a0\u00bb theme_builder_area=\u00a0\u00bbpost_content\u00a0\u00bb][\/et_pb_image][\/et_pb_column][et_pb_column type=\u00a0\u00bb1_2&Prime; _builder_version=\u00a0\u00bb4.27.4&Prime; _module_preset=\u00a0\u00bbdefault\u00a0\u00bb global_colors_info=\u00a0\u00bb{}\u00a0\u00bb theme_builder_area=\u00a0\u00bbpost_content\u00a0\u00bb][et_pb_image src=\u00a0\u00bbhttps:\/\/samanthahemery.com\/wp-content\/uploads\/2025\/07\/Courseporteursdefruits-SamanthaHemeryPhotographe-2.webp\u00a0\u00bb alt=\u00a0\u00bbLes coureurs de la course de porteurs de fruits \u00e0 Papeete\u00a0\u00bb title_text=\u00a0\u00bbCourseporteursdefruits-SamanthaHemeryPhotographe-2&Prime; align=\u00a0\u00bbcenter\u00a0\u00bb _builder_version=\u00a0\u00bb4.27.4&Prime; _module_preset=\u00a0\u00bbdefault\u00a0\u00bb global_colors_info=\u00a0\u00bb{}\u00a0\u00bb theme_builder_area=\u00a0\u00bbpost_content\u00a0\u00bb][\/et_pb_image][\/et_pb_column][\/et_pb_row][et_pb_row _builder_version=\u00a0\u00bb4.27.4&Prime; _module_preset=\u00a0\u00bbdefault\u00a0\u00bb locked=\u00a0\u00bboff\u00a0\u00bb global_colors_info=\u00a0\u00bb{}\u00a0\u00bb theme_builder_area=\u00a0\u00bbpost_content\u00a0\u00bb][et_pb_column type=\u00a0\u00bb4_4&Prime; _builder_version=\u00a0\u00bb4.27.4&Prime; _module_preset=\u00a0\u00bbdefault\u00a0\u00bb global_colors_info=\u00a0\u00bb{}\u00a0\u00bb theme_builder_area=\u00a0\u00bbpost_content\u00a0\u00bb][et_pb_text _builder_version=\u00a0\u00bb4.27.4&Prime; _module_preset=\u00a0\u00bbdefault\u00a0\u00bb global_colors_info=\u00a0\u00bb{}\u00a0\u00bb theme_builder_area=\u00a0\u00bbpost_content\u00a0\u00bb]<h2>Deux \u00e9v\u00e9nements, un m\u00eame message : l&rsquo;identit\u00e9 polyn\u00e9sienne<\/h2>\n<p>Couverture apr\u00e8s couverture, je me rends compte \u00e0 quel point ces \u00e9v\u00e9nements sont bien plus que des performances sportives ou folkloriques. Ils incarnent l&rsquo;esprit de la Polyn\u00e9sie : la force, la g\u00e9n\u00e9rosit\u00e9, le lien \u00e0 la terre et \u00e0 la communaut\u00e9.<\/p>\n<p>En tant que <a href=\"https:\/\/samanthahemery.com\/photographe-en-polynesie\/\"><span style=\"text-decoration: underline;\">photographe<\/span><\/a>, mon r\u00f4le est aussi de rendre hommage, de t\u00e9moigner et de transmettre mon amour du fenua.<\/p>\n<p>J&rsquo;ai eu la chance d&rsquo;\u00eatre relay\u00e9e par <span style=\"text-decoration: underline;\"><a href=\"https:\/\/www.facebook.com\/Tahitiinfos\/posts\/pfbid02berGjZsF3AVQQD1qBCRh9a1ZH3HAxjRncYspZnRRgLUTSNqGMY48V4ptCWKCUBBzl\" target=\"_blank\" rel=\"noopener\">Tahiti Infos<\/a><\/span> gr\u00e2ce \u00e0 la journaliste Darianna Myszka que je remercie chaleureusement !<\/p>\n<p>J&rsquo;esp\u00e8re \u00e0 nouveau pouvoir couvrir la f\u00eate de l&rsquo;Orange et la course de porteurs de fruits en 2026<\/p>\n<p>&nbsp;<\/p>\n<h2>Envie d&rsquo;un reportage ou d&rsquo;une s\u00e9ance photo sur mesure ?\u00a0<\/h2>\n<p>Que ce soit pour immortaliser un \u00e9v\u00e9nement culturel, une c\u00e9r\u00e9monie traditionnelle ou une journ\u00e9e en famille, je suis l\u00e0 pour capturer des images vraies et vivantes, \u00e0 Tahiti, Moorea et dans les \u00eeles.\u00a0<\/p>\n<p>Contacte-moi \u00e0 <span style=\"text-decoration: underline;\"><a href=\"mailto:samhemeryphotography@gmail.com\">samhemeryphotography@gmail.com<\/a><\/span> pour discuter de ton projet et je reviendrai vers toi au plus vite ! Mauruuru !<\/p>[\/et_pb_text][\/et_pb_column][\/et_pb_row][\/et_pb_section]\n","protected":false},"excerpt":{"rendered":"<p>Juillet en Polyn\u00e9sie, c&rsquo;est le mois o\u00f9 la culture bat son plein. Et cette ann\u00e9e, j&rsquo;ai eu le privil\u00e8ge de couvrir deux \u00e9v\u00e9nements incontournables de la saison : la F\u00eate de l&rsquo;Orange \u00e0 Punaauia et la spectaculaire course des porteurs de fruits \u00e0 Papeete. Deux journ\u00e9es riches en \u00e9mitions, en couleurs, en sueur et en [&hellip;]<\/p>\n","protected":false},"author":1,"featured_media":34435,"comment_status":"open","ping_status":"open","sticky":false,"template":"","format":"standard","meta":{"_et_pb_use_builder":"on","_et_pb_old_content":"","_et_gb_content_width":"","footnotes":""},"categories":[18],"tags":[51,57,56,53,50,52,47,58,48,46,45,22,54,55],"class_list":["post-34453","post","type-post","status-publish","format-standard","has-post-thumbnail","hentry","category-blog-divers","tag-14-juillet","tag-bananas","tag-bananes","tag-bastille-day","tag-defile","tag-fete-nationale","tag-fruits","tag-juillet","tag-orange","tag-papeete","tag-punaauia","tag-tahiti","tag-tradition","tag-traditional"],"_links":{"self":[{"href":"https:\/\/samanthahemery.com\/en\/wp-json\/wp\/v2\/posts\/34453","targetHints":{"allow":["GET"]}}],"collection":[{"href":"https:\/\/samanthahemery.com\/en\/wp-json\/wp\/v2\/posts"}],"about":[{"href":"https:\/\/samanthahemery.com\/en\/wp-json\/wp\/v2\/types\/post"}],"author":[{"embeddable":true,"href":"https:\/\/samanthahemery.com\/en\/wp-json\/wp\/v2\/users\/1"}],"replies":[{"embeddable":true,"href":"https:\/\/samanthahemery.com\/en\/wp-json\/wp\/v2\/comments?post=34453"}],"version-history":[{"count":0,"href":"https:\/\/samanthahemery.com\/en\/wp-json\/wp\/v2\/posts\/34453\/revisions"}],"wp:featuredmedia":[{"embeddable":true,"href":"https:\/\/samanthahemery.com\/en\/wp-json\/wp\/v2\/media\/34435"}],"wp:attachment":[{"href":"https:\/\/samanthahemery.com\/en\/wp-json\/wp\/v2\/media?parent=34453"}],"wp:term":[{"taxonomy":"category","embeddable":true,"href":"https:\/\/samanthahemery.com\/en\/wp-json\/wp\/v2\/categories?post=34453"},{"taxonomy":"post_tag","embeddable":true,"href":"https:\/\/samanthahemery.com\/en\/wp-json\/wp\/v2\/tags?post=34453"}],"curies":[{"name":"wp","href":"https:\/\/api.w.org\/{rel}","templated":true}]}}